{"id":1830,"date":"2023-01-06T20:28:45","date_gmt":"2023-01-06T17:28:45","guid":{"rendered":"https:\/\/legality.ro\/ro\/?p=1830"},"modified":"2023-01-11T22:35:09","modified_gmt":"2023-01-11T19:35:09","slug":"modelul-cim-pentru-2022","status":"publish","type":"post","link":"https:\/\/legality.ro\/ro\/modelul-cim-pentru-2022\/","title":{"rendered":"Modelul CIM pentru 2022"},"content":{"rendered":"\n<p class=\"has-vivid-red-color has-text-color\">Ca parte a activitatii firmei noastre de avocatura, consultanta juridica in diverse arii ale dreptului civil este esentiala. In aceasta categorie este inclusa si consultanta juridica in aria dreptului muncii. Echipa noastra de avocati a reprezentat de-a lungul timpului partile aflate in conflicte de munca, dar cel mai important lucru este ca a abordat problematica raportrilor de munca dintr-o perspectiva preventiva.<\/p>\n\n\n\n<p class=\"has-vivid-red-color has-text-color\">Din acest motiv avocatii nostri specializati in dreptul muncii considera oportuna sesizarea unor aspecte importante pentru societati si pentru salariatii acestora.<\/p>\n\n\n\n<p>Ca urmare, sesizam publicarea si intrarea in vigoare a noului Model-cadru al contractului individual de munc\u0103, ce a fost stabilit prin Ordinul Ministrului Muncii \u0219i Solidarit\u0103\u021bii Sociale Nr. 2171\/25.11.2022, ap\u0103rut \u00een Monitorul Oficial al Rom\u00e2niei la data de 09.12.2022.<\/p>\n\n\n\n<p>Veti regasi atasat acestui articol Modelul \u2013 cadru al contractului individual de munca pentru anul 2022.<\/p>\n\n\n\n<p><a href=\"https:\/\/legality.ro\/ro\/wp-content\/uploads\/2023\/01\/Contract-de-munca-Model-2022.pdf\">https:\/\/legality.ro\/ro\/wp-content\/uploads\/2023\/01\/Contract-de-munca-Model-2022.pdf<\/a><\/p>\n","protected":false},"excerpt":{"rendered":"<p>Ca parte a activitatii firmei noastre de avocatura, consultanta juridica in diverse arii ale dreptului civil este esentiala. In aceasta categorie este inclusa si consultanta juridica in aria dreptului muncii. Echipa noastra de avocati a reprezentat de-a lungul timpului partile aflate in conflicte de munca, dar cel mai important lucru este ca a abordat problematica [&hellip;]<\/p>\n","protected":false},"author":1,"featured_media":0,"comment_status":"open","ping_status":"open","sticky":false,"template":"","format":"standard","meta":{"site-sidebar-layout":"default","site-content-layout":"","ast-site-content-layout":"default","site-content-style":"default","site-sidebar-style":"default","ast-global-header-display":"","ast-banner-title-visibility":"","ast-main-header-display":"","ast-hfb-above-header-display":"","ast-hfb-below-header-display":"","ast-hfb-mobile-header-display":"","site-post-title":"","ast-breadcrumbs-content":"","ast-featured-img":"","footer-sml-layout":"","ast-disable-related-posts":"","theme-transparent-header-meta":"","adv-header-id-meta":"","stick-header-meta":"","header-above-stick-meta":"","header-main-stick-meta":"","header-below-stick-meta":"","astra-migrate-meta-layouts":"default","ast-page-background-enabled":"default","ast-page-background-meta":{"desktop":{"background-color":"var(--ast-global-color-4)","background-image":"","background-repeat":"repeat","background-position":"center center","background-size":"auto","background-attachment":"scroll","background-type":"","background-media":"","overlay-type":"","overlay-color":"","overlay-opacity":"","overlay-gradient":""},"tablet":{"background-color":"","background-image":"","background-repeat":"repeat","background-position":"center center","background-size":"auto","background-attachment":"scroll","background-type":"","background-media":"","overlay-type":"","overlay-color":"","overlay-opacity":"","overlay-gradient":""},"mobile":{"background-color":"","background-image":"","background-repeat":"repeat","background-position":"center center","background-size":"auto","background-attachment":"scroll","background-type":"","background-media":"","overlay-type":"","overlay-color":"","overlay-opacity":"","overlay-gradient":""}},"ast-content-background-meta":{"desktop":{"background-color":"var(--ast-global-color-5)","background-image":"","background-repeat":"repeat","background-position":"center center","background-size":"auto","background-attachment":"scroll","background-type":"","background-media":"","overlay-type":"","overlay-color":"","overlay-opacity":"","overlay-gradient":""},"tablet":{"background-color":"var(--ast-global-color-5)","background-image":"","background-repeat":"repeat","background-position":"center center","background-size":"auto","background-attachment":"scroll","background-type":"","background-media":"","overlay-type":"","overlay-color":"","overlay-opacity":"","overlay-gradient":""},"mobile":{"background-color":"var(--ast-global-color-5)","background-image":"","background-repeat":"repeat","background-position":"center center","background-size":"auto","background-attachment":"scroll","background-type":"","background-media":"","overlay-type":"","overlay-color":"","overlay-opacity":"","overlay-gradient":""}},"footnotes":""},"categories":[17],"tags":[],"class_list":["post-1830","post","type-post","status-publish","format-standard","hentry","category-drept-civil"],"_links":{"self":[{"href":"https:\/\/legality.ro\/ro\/wp-json\/wp\/v2\/posts\/1830","targetHints":{"allow":["GET"]}}],"collection":[{"href":"https:\/\/legality.ro\/ro\/wp-json\/wp\/v2\/posts"}],"about":[{"href":"https:\/\/legality.ro\/ro\/wp-json\/wp\/v2\/types\/post"}],"author":[{"embeddable":true,"href":"https:\/\/legality.ro\/ro\/wp-json\/wp\/v2\/users\/1"}],"replies":[{"embeddable":true,"href":"https:\/\/legality.ro\/ro\/wp-json\/wp\/v2\/comments?post=1830"}],"version-history":[{"count":0,"href":"https:\/\/legality.ro\/ro\/wp-json\/wp\/v2\/posts\/1830\/revisions"}],"wp:attachment":[{"href":"https:\/\/legality.ro\/ro\/wp-json\/wp\/v2\/media?parent=1830"}],"wp:term":[{"taxonomy":"category","embeddable":true,"href":"https:\/\/legality.ro\/ro\/wp-json\/wp\/v2\/categories?post=1830"},{"taxonomy":"post_tag","embeddable":true,"href":"https:\/\/legality.ro\/ro\/wp-json\/wp\/v2\/tags?post=1830"}],"curies":[{"name":"wp","href":"https:\/\/api.w.org\/{rel}","templated":true}]}}